{"id":934,"date":"2023-11-06T10:14:39","date_gmt":"2023-11-06T09:14:39","guid":{"rendered":"https:\/\/www.small-hostel-la-girelle.com\/2023\/11\/06\/from-la-girelle-to-morgiou-calanque\/"},"modified":"2024-04-16T16:54:29","modified_gmt":"2024-04-16T14:54:29","slug":"de-la-girelle-a-la-calanque-de-morgiou","status":"publish","type":"post","link":"https:\/\/www.small-hostel-la-girelle.com\/fr\/2023\/11\/06\/de-la-girelle-a-la-calanque-de-morgiou\/","title":{"rendered":"De La Girelle \u00e0 la Calanque de Morgiou"},"content":{"rendered":"\t\t<div data-elementor-type=\"wp-post\" data-elementor-id=\"934\" class=\"elementor elementor-934\">\n\t\t\t\t\t\t<section class=\"elementor-section elementor-top-section elementor-element elementor-element-fed0e17 elementor-section-boxed elementor-section-height-default elementor-section-height-default qodef-elementor-content-no\" data-id=\"fed0e17\" data-element_type=\"section\">\n\t\t\t\t\t\t<div class=\"elementor-container elementor-column-gap-default\">\n\t\t\t\t\t<div class=\"elementor-column elementor-col-100 elementor-top-column elementor-element elementor-element-59ab430\" data-id=\"59ab430\" data-element_type=\"column\">\n\t\t\t<div class=\"elementor-widget-wrap elementor-element-populated\">\n\t\t\t\t\t\t<div class=\"elementor-element elementor-element-9d945d5 elementor-widget elementor-widget-heading\" data-id=\"9d945d5\" data-element_type=\"widget\" data-widget_type=\"heading.default\">\n\t\t\t\t<div class=\"elementor-widget-container\">\n\t\t\t<style>\/*! elementor - v3.20.0 - 13-03-2024 *\/\n.elementor-heading-title{padding:0;margin:0;line-height:1}.elementor-widget-heading .elementor-heading-title[class*=elementor-size-]>a{color:inherit;font-size:inherit;line-height:inherit}.elementor-widget-heading .elementor-heading-title.elementor-size-small{font-size:15px}.elementor-widget-heading .elementor-heading-title.elementor-size-medium{font-size:19px}.elementor-widget-heading .elementor-heading-title.elementor-size-large{font-size:29px}.elementor-widget-heading .elementor-heading-title.elementor-size-xl{font-size:39px}.elementor-widget-heading .elementor-heading-title.elementor-size-xxl{font-size:59px}<\/style><h2 class=\"elementor-heading-title elementor-size-default\">Qu'est-ce que la Calanque de Morgiou ?<\/h2>\t\t<\/div>\n\t\t\t\t<\/div>\n\t\t\t\t\t<\/div>\n\t\t<\/div>\n\t\t\t\t\t<\/div>\n\t\t<\/section>\n\t\t\t\t<section class=\"elementor-section elementor-top-section elementor-element elementor-element-aefe2c7 elementor-section-boxed elementor-section-height-default elementor-section-height-default qodef-elementor-content-no\" data-id=\"aefe2c7\" data-element_type=\"section\">\n\t\t\t\t\t\t<div class=\"elementor-container elementor-column-gap-default\">\n\t\t\t\t\t<div class=\"elementor-column elementor-col-100 elementor-top-column elementor-element elementor-element-8dc2dc9\" data-id=\"8dc2dc9\" data-element_type=\"column\">\n\t\t\t<div class=\"elementor-widget-wrap elementor-element-populated\">\n\t\t\t\t\t\t<div class=\"elementor-element elementor-element-4ae9b9e elementor-widget elementor-widget-text-editor\" data-id=\"4ae9b9e\" data-element_type=\"widget\" data-widget_type=\"text-editor.default\">\n\t\t\t\t<div class=\"elementor-widget-container\">\n\t\t\t<style>\/*! elementor - v3.20.0 - 13-03-2024 *\/\n.elementor-widget-text-editor.elementor-drop-cap-view-stacked .elementor-drop-cap{background-color:#69727d;color:#fff}.elementor-widget-text-editor.elementor-drop-cap-view-framed .elementor-drop-cap{color:#69727d;border:3px solid;background-color:transparent}.elementor-widget-text-editor:not(.elementor-drop-cap-view-default) .elementor-drop-cap{margin-top:8px}.elementor-widget-text-editor:not(.elementor-drop-cap-view-default) .elementor-drop-cap-letter{width:1em;height:1em}.elementor-widget-text-editor .elementor-drop-cap{float:left;text-align:center;line-height:1;font-size:50px}.elementor-widget-text-editor .elementor-drop-cap-letter{display:inline-block}<\/style>\t\t\t\t<p>Cr\u00e9\u00e9e en 2012, la Calanque de Morgiou se trouve dans le <a href=\"https:\/\/www.small-hostel-la-girelle.com\/fr\/les-calanques-de-marseille\/\"><strong>Parc National des Calanques<\/strong><\/a>, <strong>premier parc national p\u00e9riurbain en Europe<\/strong>. Au-del\u00e0 de ses paysages extraordinaires, vous d\u00e9couvrirez une grande diversit\u00e9 de flore et de faune, terrestre et marine.<\/p><p>Sa beaut\u00e9 attire plus de 3 millions de visiteurs chaque ann\u00e9e, surtout pendant la saison estivale. <strong>Les Calanques<\/strong> sont l&rsquo;endroit parfait pour la randonn\u00e9e ou le trail, c&rsquo;est \u00e9galement le terrain du <strong>GR98-51<\/strong> qui relie <strong>Marseille \u00e0 Cassis<\/strong>. Si vous aimez les treks, cet endroit est fait pour vous !<\/p><p>Si l&rsquo;escalade et le bloc vous int\u00e9ressent, vous trouverez \u00e9galement de <strong>nombreux spots pour pratiquer ces activit\u00e9s<\/strong> !<\/p><p>Vous comprendrez que les calanques sont <strong>un petit paradis pour tous les amoureux des sports de plein air<\/strong>.<\/p><p><em><strong>D\u00e9finition du terme \u00ab\u00a0Calanque\u00a0\u00bb :<\/strong> Une calanque est une crique entour\u00e9e de falaises rocheuses. Ainsi, le Parc National des Calanques comprend de nombreuses criques de ce type, dont \u00ab\u00a0Morgiou\u00a0\u00bb, qui est la calanque la plus proche de la petite auberge La Girelle.<\/em><\/p>\t\t\t\t\t\t<\/div>\n\t\t\t\t<\/div>\n\t\t\t\t\t<\/div>\n\t\t<\/div>\n\t\t\t\t\t<\/div>\n\t\t<\/section>\n\t\t\t\t<section class=\"elementor-section elementor-top-section elementor-element elementor-element-7c49a4f elementor-section-boxed elementor-section-height-default elementor-section-height-default qodef-elementor-content-no\" data-id=\"7c49a4f\" data-element_type=\"section\">\n\t\t\t\t\t\t<div class=\"elementor-container elementor-column-gap-default\">\n\t\t\t\t\t<div class=\"elementor-column elementor-col-100 elementor-top-column elementor-element elementor-element-6423f92\" data-id=\"6423f92\" data-element_type=\"column\">\n\t\t\t<div class=\"elementor-widget-wrap elementor-element-populated\">\n\t\t\t\t\t\t<div class=\"elementor-element elementor-element-19c182c elementor-arrows-position-inside elementor-pagination-position-outside elementor-widget elementor-widget-image-carousel\" data-id=\"19c182c\" data-element_type=\"widget\" data-settings=\"{&quot;navigation&quot;:&quot;both&quot;,&quot;autoplay&quot;:&quot;yes&quot;,&quot;pause_on_hover&quot;:&quot;yes&quot;,&quot;pause_on_interaction&quot;:&quot;yes&quot;,&quot;autoplay_speed&quot;:5000,&quot;infinite&quot;:&quot;yes&quot;,&quot;speed&quot;:500}\" data-widget_type=\"image-carousel.default\">\n\t\t\t\t<div class=\"elementor-widget-container\">\n\t\t\t<style>\/*! elementor - v3.20.0 - 13-03-2024 *\/\n.elementor-widget-image-carousel .swiper,.elementor-widget-image-carousel .swiper-container{position:static}.elementor-widget-image-carousel .swiper-container .swiper-slide figure,.elementor-widget-image-carousel .swiper .swiper-slide figure{line-height:inherit}.elementor-widget-image-carousel .swiper-slide{text-align:center}.elementor-image-carousel-wrapper:not(.swiper-container-initialized):not(.swiper-initialized) .swiper-slide{max-width:calc(100% \/ var(--e-image-carousel-slides-to-show, 3))}<\/style>\t\t<div class=\"elementor-image-carousel-wrapper swiper\" dir=\"ltr\">\n\t\t\t<div class=\"elementor-image-carousel swiper-wrapper\" aria-live=\"off\">\n\t\t\t\t\t\t\t\t<div class=\"swiper-slide\" role=\"group\" aria-roledescription=\"slide\" aria-label=\"1 sur 5\"><figure class=\"swiper-slide-inner\"><img decoding=\"async\" class=\"swiper-slide-image\" src=\"https:\/\/www.small-hostel-la-girelle.com\/files\/2023\/11\/coucher-de-soleil-aux-calanques-scaled.jpg\" alt=\"Sunset-morgiou-calanque\" \/><\/figure><\/div><div class=\"swiper-slide\" role=\"group\" aria-roledescription=\"slide\" aria-label=\"2 sur 5\"><figure class=\"swiper-slide-inner\"><img decoding=\"async\" class=\"swiper-slide-image\" src=\"https:\/\/www.small-hostel-la-girelle.com\/files\/2023\/11\/tempImageldOpmQ-scaled.jpg\" alt=\"flowers-morgiou-calanques-marseille\" \/><\/figure><\/div><div class=\"swiper-slide\" role=\"group\" aria-roledescription=\"slide\" aria-label=\"3 sur 5\"><figure class=\"swiper-slide-inner\"><img decoding=\"async\" class=\"swiper-slide-image\" src=\"https:\/\/www.small-hostel-la-girelle.com\/files\/2023\/11\/tempImageJSU6PD-scaled.jpg\" alt=\"trails-calanques-marseille\" \/><\/figure><\/div><div class=\"swiper-slide\" role=\"group\" aria-roledescription=\"slide\" aria-label=\"4 sur 5\"><figure class=\"swiper-slide-inner\"><img decoding=\"async\" class=\"swiper-slide-image\" src=\"https:\/\/www.small-hostel-la-girelle.com\/files\/2023\/11\/tempImageU0p2eD-scaled.jpg\" alt=\"landscapes-morgiou-calanques-marseille\" \/><\/figure><\/div><div class=\"swiper-slide\" role=\"group\" aria-roledescription=\"slide\" aria-label=\"5 sur 5\"><figure class=\"swiper-slide-inner\"><img decoding=\"async\" class=\"swiper-slide-image\" src=\"https:\/\/www.small-hostel-la-girelle.com\/files\/2023\/11\/tempImageJ1p02c-scaled.jpg\" alt=\"sunset-calanques-marseille\" \/><\/figure><\/div>\t\t\t<\/div>\n\t\t\t\t\t\t\t\t\t\t\t\t<div class=\"elementor-swiper-button elementor-swiper-button-prev\" role=\"button\" tabindex=\"0\">\n\t\t\t\t\t\t<i aria-hidden=\"true\" class=\"eicon-chevron-left\"><\/i>\t\t\t\t\t<\/div>\n\t\t\t\t\t<div class=\"elementor-swiper-button elementor-swiper-button-next\" role=\"button\" tabindex=\"0\">\n\t\t\t\t\t\t<i aria-hidden=\"true\" class=\"eicon-chevron-right\"><\/i>\t\t\t\t\t<\/div>\n\t\t\t\t\n\t\t\t\t\t\t\t\t\t<div class=\"swiper-pagination\"><\/div>\n\t\t\t\t\t\t\t\t\t<\/div>\n\t\t\t\t<\/div>\n\t\t\t\t<\/div>\n\t\t\t\t\t<\/div>\n\t\t<\/div>\n\t\t\t\t\t<\/div>\n\t\t<\/section>\n\t\t\t\t<section class=\"elementor-section elementor-top-section elementor-element elementor-element-e2f4e71 elementor-section-content-middle elementor-section-boxed elementor-section-height-default elementor-section-height-default qodef-elementor-content-no\" data-id=\"e2f4e71\" data-element_type=\"section\" data-settings=\"{&quot;background_background&quot;:&quot;classic&quot;}\">\n\t\t\t\t\t\t<div class=\"elementor-container elementor-column-gap-default\">\n\t\t\t\t\t<div class=\"elementor-column elementor-col-100 elementor-top-column elementor-element elementor-element-2b13ca1\" data-id=\"2b13ca1\" data-element_type=\"column\" data-settings=\"{&quot;background_background&quot;:&quot;classic&quot;}\">\n\t\t\t<div class=\"elementor-widget-wrap elementor-element-populated\">\n\t\t\t\t\t\t<div class=\"elementor-element elementor-element-4d42c6d elementor-widget__width-initial elementor-widget elementor-widget-heading\" data-id=\"4d42c6d\" data-element_type=\"widget\" data-widget_type=\"heading.default\">\n\t\t\t\t<div class=\"elementor-widget-container\">\n\t\t\t<h4 class=\"elementor-heading-title elementor-size-default\">Le saviez-vous ?<\/h4>\t\t<\/div>\n\t\t\t\t<\/div>\n\t\t\t\t<section class=\"elementor-section elementor-inner-section elementor-element elementor-element-a5448a8 elementor-section-boxed elementor-section-height-default elementor-section-height-default qodef-elementor-content-no\" data-id=\"a5448a8\" data-element_type=\"section\">\n\t\t\t\t\t\t<div class=\"elementor-container elementor-column-gap-default\">\n\t\t\t\t\t<div class=\"elementor-column elementor-col-50 elementor-inner-column elementor-element elementor-element-6d9593b\" data-id=\"6d9593b\" data-element_type=\"column\">\n\t\t\t<div class=\"elementor-widget-wrap elementor-element-populated\">\n\t\t\t\t\t\t<div class=\"elementor-element elementor-element-130fd4e elementor-widget__width-initial elementor-widget elementor-widget-text-editor\" data-id=\"130fd4e\" data-element_type=\"widget\" data-widget_type=\"text-editor.default\">\n\t\t\t\t<div class=\"elementor-widget-container\">\n\t\t\t\t\t\t\t<p><strong>Dans le pass\u00e9, les poissonni\u00e8res venaient collecter le poisson dans la crique \u00e0 dos d&rsquo;\u00e2ne, pour le transporter jusqu&rsquo;\u00e0 la ville. C&rsquo;est pourquoi certains ann\u00e9es, en leur honneur, le \u00ab\u00a0Jour de l&rsquo;\u00c2ne\u00a0\u00bb est c\u00e9l\u00e9br\u00e9 par les habitants de la crique.<\/strong><\/p>\t\t\t\t\t\t<\/div>\n\t\t\t\t<\/div>\n\t\t\t\t\t<\/div>\n\t\t<\/div>\n\t\t\t\t<div class=\"elementor-column elementor-col-50 elementor-inner-column elementor-element elementor-element-012019d\" data-id=\"012019d\" data-element_type=\"column\">\n\t\t\t<div class=\"elementor-widget-wrap elementor-element-populated\">\n\t\t\t\t\t\t<div class=\"elementor-element elementor-element-5a16a83 elementor-widget__width-initial elementor-widget elementor-widget-image\" data-id=\"5a16a83\" data-element_type=\"widget\" data-widget_type=\"image.default\">\n\t\t\t\t<div class=\"elementor-widget-container\">\n\t\t\t<style>\/*! elementor - v3.20.0 - 13-03-2024 *\/\n.elementor-widget-image{text-align:center}.elementor-widget-image a{display:inline-block}.elementor-widget-image a img[src$=\".svg\"]{width:48px}.elementor-widget-image img{vertical-align:middle;display:inline-block}<\/style>\t\t\t\t\t\t\t\t\t\t<img fetchpriority=\"high\" decoding=\"async\" width=\"468\" height=\"872\" src=\"https:\/\/www.small-hostel-la-girelle.com\/files\/2023\/11\/ane.jpeg\" class=\"attachment-large size-large wp-image-755\" alt=\"\" srcset=\"https:\/\/www.small-hostel-la-girelle.com\/files\/2023\/11\/ane.jpeg 468w, https:\/\/www.small-hostel-la-girelle.com\/files\/2023\/11\/ane-161x300.jpeg 161w\" sizes=\"(max-width: 468px) 100vw, 468px\" \/>\t\t\t\t\t\t\t\t\t\t\t\t\t<\/div>\n\t\t\t\t<\/div>\n\t\t\t\t\t<\/div>\n\t\t<\/div>\n\t\t\t\t\t<\/div>\n\t\t<\/section>\n\t\t\t\t\t<\/div>\n\t\t<\/div>\n\t\t\t\t\t<\/div>\n\t\t<\/section>\n\t\t\t\t<section class=\"elementor-section elementor-top-section elementor-element elementor-element-75b0f4e elementor-section-full_width elementor-section-height-default elementor-section-height-default qodef-elementor-content-no\" data-id=\"75b0f4e\" data-element_type=\"section\">\n\t\t\t\t\t\t<div class=\"elementor-container elementor-column-gap-default\">\n\t\t\t\t\t<div class=\"elementor-column elementor-col-100 elementor-top-column elementor-element elementor-element-c913adb\" data-id=\"c913adb\" data-element_type=\"column\">\n\t\t\t<div class=\"elementor-widget-wrap elementor-element-populated\">\n\t\t\t\t\t\t<div class=\"elementor-element elementor-element-5f9ca14 elementor-widget elementor-widget-heading\" data-id=\"5f9ca14\" data-element_type=\"widget\" data-widget_type=\"heading.default\">\n\t\t\t\t<div class=\"elementor-widget-container\">\n\t\t\t<h2 class=\"elementor-heading-title elementor-size-default\">Comment se rendre \u00e0 la Calanque de Morgiou ?\n<\/h2>\t\t<\/div>\n\t\t\t\t<\/div>\n\t\t\t\t\t<\/div>\n\t\t<\/div>\n\t\t\t\t\t<\/div>\n\t\t<\/section>\n\t\t\t\t<section class=\"elementor-section elementor-top-section elementor-element elementor-element-80f06b4 elementor-section-boxed elementor-section-height-default elementor-section-height-default qodef-elementor-content-no\" data-id=\"80f06b4\" data-element_type=\"section\">\n\t\t\t\t\t\t<div class=\"elementor-container elementor-column-gap-default\">\n\t\t\t\t\t<div class=\"elementor-column elementor-col-100 elementor-top-column elementor-element elementor-element-ae32a16\" data-id=\"ae32a16\" data-element_type=\"column\">\n\t\t\t<div class=\"elementor-widget-wrap elementor-element-populated\">\n\t\t\t\t\t\t<div class=\"elementor-element elementor-element-68dd31c elementor-widget elementor-widget-text-editor\" data-id=\"68dd31c\" data-element_type=\"widget\" data-widget_type=\"text-editor.default\">\n\t\t\t\t<div class=\"elementor-widget-container\">\n\t\t\t\t\t\t\t<p>Depuis l&rsquo;auberge La Girelle, vous devez d&rsquo;abord vous rendre \u00e0 l'\u00a0\u00bb<strong>Ob\u00e9lisque de Mazargues<\/strong>\u00a0\u00bb o\u00f9 vous pouvez prendre le <strong>bus B1 en direction de \u00ab\u00a0Luminy PN Calanques\u00a0\u00bb<\/strong>. Mon conseil est de descendre \u00e0 l&rsquo;<strong>arr\u00eat \u00ab\u00a0Luminy Kedge\u00a0\u00bb<\/strong> puis de suivre l&rsquo;itin\u00e9raire p\u00e9destre pour vous rendre \u00e0 la Calanque de Morgiou :<\/p>\t\t\t\t\t\t<\/div>\n\t\t\t\t<\/div>\n\t\t\t\t\t<\/div>\n\t\t<\/div>\n\t\t\t\t\t<\/div>\n\t\t<\/section>\n\t\t\t\t<section class=\"elementor-section elementor-top-section elementor-element elementor-element-5dd2c58 elementor-section-boxed elementor-section-height-default elementor-section-height-default qodef-elementor-content-no\" data-id=\"5dd2c58\" data-element_type=\"section\">\n\t\t\t\t\t\t<div class=\"elementor-container elementor-column-gap-default\">\n\t\t\t\t\t<div class=\"elementor-column elementor-col-100 elementor-top-column elementor-element elementor-element-776e579\" data-id=\"776e579\" data-element_type=\"column\">\n\t\t\t<div class=\"elementor-widget-wrap elementor-element-populated\">\n\t\t\t\t\t\t<div class=\"elementor-element elementor-element-53a424a elementor-widget elementor-widget-google_maps\" data-id=\"53a424a\" data-element_type=\"widget\" data-widget_type=\"google_maps.default\">\n\t\t\t\t<div class=\"elementor-widget-container\">\n\t\t\t<style>\/*! elementor - v3.20.0 - 13-03-2024 *\/\n.elementor-widget-google_maps .elementor-widget-container{overflow:hidden}.elementor-widget-google_maps .elementor-custom-embed{line-height:0}.elementor-widget-google_maps iframe{height:300px}<\/style>\t\t<div class=\"elementor-custom-embed\">\n\t\t\t<iframe loading=\"lazy\"\n\t\t\t\t\tsrc=\"https:\/\/maps.google.com\/maps?q=plage%20sauvage%20de%20morgiou&#038;t=m&#038;z=10&#038;output=embed&#038;iwloc=near\"\n\t\t\t\t\ttitle=\"plage sauvage de morgiou\"\n\t\t\t\t\taria-label=\"plage sauvage de morgiou\"\n\t\t\t><\/iframe>\n\t\t<\/div>\n\t\t\t\t<\/div>\n\t\t\t\t<\/div>\n\t\t\t\t\t<\/div>\n\t\t<\/div>\n\t\t\t\t\t<\/div>\n\t\t<\/section>\n\t\t\t\t<section class=\"elementor-section elementor-top-section elementor-element elementor-element-5be5a84 elementor-section-boxed elementor-section-height-default elementor-section-height-default qodef-elementor-content-no\" data-id=\"5be5a84\" data-element_type=\"section\">\n\t\t\t\t\t\t<div class=\"elementor-container elementor-column-gap-default\">\n\t\t\t\t\t<div class=\"elementor-column elementor-col-100 elementor-top-column elementor-element elementor-element-e656d2c\" data-id=\"e656d2c\" data-element_type=\"column\">\n\t\t\t<div class=\"elementor-widget-wrap elementor-element-populated\">\n\t\t\t\t\t\t<div class=\"elementor-element elementor-element-661c888 elementor-widget elementor-widget-text-editor\" data-id=\"661c888\" data-element_type=\"widget\" data-widget_type=\"text-editor.default\">\n\t\t\t\t<div class=\"elementor-widget-container\">\n\t\t\t\t\t\t\t<p>Nous vous sugg\u00e9rons de prendre l&rsquo;itin\u00e9raire de 56 minutes depuis \u00ab\u00a0Luminy PN Calanques\u00a0\u00bb jusqu&rsquo;\u00e0 la \u00ab\u00a0<strong>Plage Sauvage de Morgiou<\/strong>\u00a0\u00bb car les paysages sont plus impressionnants par ce chemin. De plus, si vous avez de la chance, vous pourrez voir des sangliers traverser les sentiers. Ils sont assez nombreux dans la r\u00e9gion ! <strong>Mais soyez prudent, ne les d\u00e9rangez pas car ces animaux peuvent \u00eatre dangereux s&rsquo;ils se sentent menac\u00e9s.<\/strong><\/p>\t\t\t\t\t\t<\/div>\n\t\t\t\t<\/div>\n\t\t\t\t\t<\/div>\n\t\t<\/div>\n\t\t\t\t\t<\/div>\n\t\t<\/section>\n\t\t\t\t<section class=\"elementor-section elementor-top-section elementor-element elementor-element-760dd89 elementor-section-boxed elementor-section-height-default elementor-section-height-default qodef-elementor-content-no\" data-id=\"760dd89\" data-element_type=\"section\">\n\t\t\t\t\t\t<div class=\"elementor-container elementor-column-gap-default\">\n\t\t\t\t\t<div class=\"elementor-column elementor-col-100 elementor-top-column elementor-element elementor-element-aef497d\" data-id=\"aef497d\" data-element_type=\"column\">\n\t\t\t<div class=\"elementor-widget-wrap elementor-element-populated\">\n\t\t\t\t\t\t<div class=\"elementor-element elementor-element-c5944f1 elementor-widget elementor-widget-heading\" data-id=\"c5944f1\" data-element_type=\"widget\" data-widget_type=\"heading.default\">\n\t\t\t\t<div class=\"elementor-widget-container\">\n\t\t\t<h2 class=\"elementor-heading-title elementor-size-default\">Conseils de l'auberge La Girelle :\n<\/h2>\t\t<\/div>\n\t\t\t\t<\/div>\n\t\t\t\t\t<\/div>\n\t\t<\/div>\n\t\t\t\t\t<\/div>\n\t\t<\/section>\n\t\t\t\t<section class=\"elementor-section elementor-top-section elementor-element elementor-element-9ae4118 elementor-section-boxed elementor-section-height-default elementor-section-height-default qodef-elementor-content-no\" data-id=\"9ae4118\" data-element_type=\"section\">\n\t\t\t\t\t\t<div class=\"elementor-container elementor-column-gap-default\">\n\t\t\t\t\t<div class=\"elementor-column elementor-col-100 elementor-top-column elementor-element elementor-element-6c15a29\" data-id=\"6c15a29\" data-element_type=\"column\">\n\t\t\t<div class=\"elementor-widget-wrap elementor-element-populated\">\n\t\t\t\t\t\t<div class=\"elementor-element elementor-element-df5e6b0 elementor-widget elementor-widget-text-editor\" data-id=\"df5e6b0\" data-element_type=\"widget\" data-widget_type=\"text-editor.default\">\n\t\t\t\t<div class=\"elementor-widget-container\">\n\t\t\t\t\t\t\t<p>Si vous souhaitez vous rendre \u00e0 la Calanque de Morgiou, voici quelques recommandations :<\/p><ul><li>Portez des c<strong>haussures de marche<\/strong> (pour la randonn\u00e9e ou les trails, par exemple) car les chemins sont rocailleux, donc vous avez besoin de chaussures amortissantes.<\/li><li><strong>Attention<\/strong> : si le temps est pluvieux, les sentiers peuvent \u00eatre glissants. <strong>Soyez donc prudent lors de la descente<\/strong>.<\/li><li>S&rsquo;il fait chaud et ensoleill\u00e9, n&rsquo;oubliez pas d&rsquo;apporter <strong>1,5L d&rsquo;eau, un chapeau, de la cr\u00e8me solaire, une serviette et votre maillot de bain<\/strong> !<\/li><\/ul>\t\t\t\t\t\t<\/div>\n\t\t\t\t<\/div>\n\t\t\t\t\t<\/div>\n\t\t<\/div>\n\t\t\t\t\t<\/div>\n\t\t<\/section>\n\t\t\t\t<section class=\"elementor-section elementor-top-section elementor-element elementor-element-77d7428 elementor-section-boxed elementor-section-height-default elementor-section-height-default qodef-elementor-content-no\" data-id=\"77d7428\" data-element_type=\"section\">\n\t\t\t\t\t\t<div class=\"elementor-container elementor-column-gap-default\">\n\t\t\t\t\t<div class=\"elementor-column elementor-col-100 elementor-top-column elementor-element elementor-element-6f78e46\" data-id=\"6f78e46\" data-element_type=\"column\">\n\t\t\t<div class=\"elementor-widget-wrap elementor-element-populated\">\n\t\t\t\t\t\t<div class=\"elementor-element elementor-element-fe27ebd elementor-widget elementor-widget-heading\" data-id=\"fe27ebd\" data-element_type=\"widget\" data-widget_type=\"heading.default\">\n\t\t\t\t<div class=\"elementor-widget-container\">\n\t\t\t<h2 class=\"elementor-heading-title elementor-size-default\">R\u00e8gles du Parc National des Calanques :<\/h2>\t\t<\/div>\n\t\t\t\t<\/div>\n\t\t\t\t\t<\/div>\n\t\t<\/div>\n\t\t\t\t\t<\/div>\n\t\t<\/section>\n\t\t\t\t<section class=\"elementor-section elementor-top-section elementor-element elementor-element-6ac5d35 elementor-section-boxed elementor-section-height-default elementor-section-height-default qodef-elementor-content-no\" data-id=\"6ac5d35\" data-element_type=\"section\">\n\t\t\t\t\t\t<div class=\"elementor-container elementor-column-gap-default\">\n\t\t\t\t\t<div class=\"elementor-column elementor-col-100 elementor-top-column elementor-element elementor-element-30ca9d8\" data-id=\"30ca9d8\" data-element_type=\"column\">\n\t\t\t<div class=\"elementor-widget-wrap elementor-element-populated\">\n\t\t\t\t\t\t<div class=\"elementor-element elementor-element-59be4ab elementor-widget elementor-widget-text-editor\" data-id=\"59be4ab\" data-element_type=\"widget\" data-widget_type=\"text-editor.default\">\n\t\t\t\t<div class=\"elementor-widget-container\">\n\t\t\t\t\t\t\t<p>Le Parc National des Calanques est une <strong>zone pr\u00e9serv\u00e9e<\/strong>. Pour prot\u00e9ger l&rsquo;\u00e9cosyst\u00e8me, certaines r\u00e8gles doivent \u00eatre respect\u00e9es :<\/p>\t\t\t\t\t\t<\/div>\n\t\t\t\t<\/div>\n\t\t\t\t\t<\/div>\n\t\t<\/div>\n\t\t\t\t\t<\/div>\n\t\t<\/section>\n\t\t\t\t<section class=\"elementor-section elementor-top-section elementor-element elementor-element-20a2188 elementor-section-boxed elementor-section-height-default elementor-section-height-default qodef-elementor-content-no\" data-id=\"20a2188\" data-element_type=\"section\">\n\t\t\t\t\t\t<div class=\"elementor-container elementor-column-gap-default\">\n\t\t\t\t\t<div class=\"elementor-column elementor-col-25 elementor-top-column elementor-element elementor-element-1aaad0c\" data-id=\"1aaad0c\" data-element_type=\"column\">\n\t\t\t<div class=\"elementor-widget-wrap elementor-element-populated\">\n\t\t\t\t\t\t<div class=\"elementor-element elementor-element-8dbfedb elementor-widget elementor-widget-image\" data-id=\"8dbfedb\" data-element_type=\"widget\" data-widget_type=\"image.default\">\n\t\t\t\t<div class=\"elementor-widget-container\">\n\t\t\t\t\t\t\t\t\t\t<figure class=\"wp-caption\">\n\t\t\t\t\t\t\t\t\t\t<img decoding=\"async\" width=\"282\" height=\"282\" src=\"https:\/\/www.small-hostel-la-girelle.com\/files\/2023\/11\/Capture-decran-2023-11-05-a-16.25.24.png\" class=\"attachment-large size-large wp-image-734\" alt=\"\" srcset=\"https:\/\/www.small-hostel-la-girelle.com\/files\/2023\/11\/Capture-decran-2023-11-05-a-16.25.24.png 282w, https:\/\/www.small-hostel-la-girelle.com\/files\/2023\/11\/Capture-decran-2023-11-05-a-16.25.24-150x150.png 150w\" sizes=\"(max-width: 282px) 100vw, 282px\" \/>\t\t\t\t\t\t\t\t\t\t\t<figcaption class=\"widget-image-caption wp-caption-text\">Les drones sont interdits<\/figcaption>\n\t\t\t\t\t\t\t\t\t\t<\/figure>\n\t\t\t\t\t\t\t<\/div>\n\t\t\t\t<\/div>\n\t\t\t\t\t<\/div>\n\t\t<\/div>\n\t\t\t\t<div class=\"elementor-column elementor-col-25 elementor-top-column elementor-element elementor-element-ffd5525\" data-id=\"ffd5525\" data-element_type=\"column\">\n\t\t\t<div class=\"elementor-widget-wrap elementor-element-populated\">\n\t\t\t\t\t\t<div class=\"elementor-element elementor-element-d066e01 elementor-widget elementor-widget-image\" data-id=\"d066e01\" data-element_type=\"widget\" data-widget_type=\"image.default\">\n\t\t\t\t<div class=\"elementor-widget-container\">\n\t\t\t\t\t\t\t\t\t\t<figure class=\"wp-caption\">\n\t\t\t\t\t\t\t\t\t\t<img decoding=\"async\" width=\"276\" height=\"278\" src=\"https:\/\/www.small-hostel-la-girelle.com\/files\/2023\/11\/Capture-decran-2023-11-05-a-16.25.46.png\" class=\"attachment-large size-large wp-image-736\" alt=\"\" srcset=\"https:\/\/www.small-hostel-la-girelle.com\/files\/2023\/11\/Capture-decran-2023-11-05-a-16.25.46.png 276w, https:\/\/www.small-hostel-la-girelle.com\/files\/2023\/11\/Capture-decran-2023-11-05-a-16.25.46-150x150.png 150w\" sizes=\"(max-width: 276px) 100vw, 276px\" \/>\t\t\t\t\t\t\t\t\t\t\t<figcaption class=\"widget-image-caption wp-caption-text\">Le camping n'est pas autoris\u00e9<\/figcaption>\n\t\t\t\t\t\t\t\t\t\t<\/figure>\n\t\t\t\t\t\t\t<\/div>\n\t\t\t\t<\/div>\n\t\t\t\t\t<\/div>\n\t\t<\/div>\n\t\t\t\t<div class=\"elementor-column elementor-col-25 elementor-top-column elementor-element elementor-element-25a14f8\" data-id=\"25a14f8\" data-element_type=\"column\">\n\t\t\t<div class=\"elementor-widget-wrap elementor-element-populated\">\n\t\t\t\t\t\t<div class=\"elementor-element elementor-element-29e7a8c elementor-widget elementor-widget-image\" data-id=\"29e7a8c\" data-element_type=\"widget\" data-widget_type=\"image.default\">\n\t\t\t\t<div class=\"elementor-widget-container\">\n\t\t\t\t\t\t\t\t\t\t<figure class=\"wp-caption\">\n\t\t\t\t\t\t\t\t\t\t<img loading=\"lazy\" decoding=\"async\" width=\"278\" height=\"276\" src=\"https:\/\/www.small-hostel-la-girelle.com\/files\/2023\/11\/Capture-decran-2023-11-05-a-16.26.16.png\" class=\"attachment-large size-large wp-image-738\" alt=\"\" srcset=\"https:\/\/www.small-hostel-la-girelle.com\/files\/2023\/11\/Capture-decran-2023-11-05-a-16.26.16.png 278w, https:\/\/www.small-hostel-la-girelle.com\/files\/2023\/11\/Capture-decran-2023-11-05-a-16.26.16-150x150.png 150w\" sizes=\"(max-width: 278px) 100vw, 278px\" \/>\t\t\t\t\t\t\t\t\t\t\t<figcaption class=\"widget-image-caption wp-caption-text\">Gardez vos d\u00e9chets avec vous<\/figcaption>\n\t\t\t\t\t\t\t\t\t\t<\/figure>\n\t\t\t\t\t\t\t<\/div>\n\t\t\t\t<\/div>\n\t\t\t\t\t<\/div>\n\t\t<\/div>\n\t\t\t\t<div class=\"elementor-column elementor-col-25 elementor-top-column elementor-element elementor-element-35cd8d4\" data-id=\"35cd8d4\" data-element_type=\"column\">\n\t\t\t<div class=\"elementor-widget-wrap elementor-element-populated\">\n\t\t\t\t\t\t<div class=\"elementor-element elementor-element-ac19ce6 elementor-widget elementor-widget-image\" data-id=\"ac19ce6\" data-element_type=\"widget\" data-widget_type=\"image.default\">\n\t\t\t\t<div class=\"elementor-widget-container\">\n\t\t\t\t\t\t\t\t\t\t<figure class=\"wp-caption\">\n\t\t\t\t\t\t\t\t\t\t<img loading=\"lazy\" decoding=\"async\" width=\"276\" height=\"276\" src=\"https:\/\/www.small-hostel-la-girelle.com\/files\/2023\/11\/Capture-decran-2023-11-05-a-16.26.00.png\" class=\"attachment-large size-large wp-image-740\" alt=\"\" srcset=\"https:\/\/www.small-hostel-la-girelle.com\/files\/2023\/11\/Capture-decran-2023-11-05-a-16.26.00.png 276w, https:\/\/www.small-hostel-la-girelle.com\/files\/2023\/11\/Capture-decran-2023-11-05-a-16.26.00-150x150.png 150w\" sizes=\"(max-width: 276px) 100vw, 276px\" \/>\t\t\t\t\t\t\t\t\t\t\t<figcaption class=\"widget-image-caption wp-caption-text\">Ne faites pas de feu ou de barbecue<\/figcaption>\n\t\t\t\t\t\t\t\t\t\t<\/figure>\n\t\t\t\t\t\t\t<\/div>\n\t\t\t\t<\/div>\n\t\t\t\t\t<\/div>\n\t\t<\/div>\n\t\t\t\t\t<\/div>\n\t\t<\/section>\n\t\t\t\t<section class=\"elementor-section elementor-top-section elementor-element elementor-element-8e13942 elementor-section-boxed elementor-section-height-default elementor-section-height-default qodef-elementor-content-no\" data-id=\"8e13942\" data-element_type=\"section\">\n\t\t\t\t\t\t<div class=\"elementor-container elementor-column-gap-default\">\n\t\t\t\t\t<div class=\"elementor-column elementor-col-100 elementor-top-column elementor-element elementor-element-c381aac\" data-id=\"c381aac\" data-element_type=\"column\">\n\t\t\t<div class=\"elementor-widget-wrap elementor-element-populated\">\n\t\t\t\t\t\t<div class=\"elementor-element elementor-element-41a7567 elementor-widget elementor-widget-text-editor\" data-id=\"41a7567\" data-element_type=\"widget\" data-widget_type=\"text-editor.default\">\n\t\t\t\t<div class=\"elementor-widget-container\">\n\t\t\t\t\t\t\t<p><span style=\"color: #000000; font-family: Calibri, sans-serif; font-size: large; background-color: #ffffff;\">Pour plus d&rsquo;informations sur les diff\u00e9rentes lois et restrictions, vous pouvez visiter le site web du Parc National des Calanques en cliquant sur <a href=\"https:\/\/www.calanques-parcnational.fr\/fr\/reglementations-terre-calanques-de-marseille-cassis-la-ciotat-iles-frioul\"><strong>le lien<\/strong><\/a>.\u00a0<\/span><\/p>\t\t\t\t\t\t<\/div>\n\t\t\t\t<\/div>\n\t\t\t\t<div class=\"elementor-element elementor-element-9d949a3 elementor-widget elementor-widget-text-editor\" data-id=\"9d949a3\" data-element_type=\"widget\" data-widget_type=\"text-editor.default\">\n\t\t\t\t<div class=\"elementor-widget-container\">\n\t\t\t\t\t\t\t<p><span style=\"color: #000000; font-family: Calibri, sans-serif; font-size: large; background-color: #ffffff;\">De plus, <strong>du 1er juin au 30 septembre<\/strong>, l&rsquo;acc\u00e8s aux Calanques peut \u00eatre restreint en cas de risque d&rsquo;incendie. Chaque jour, entre 17h et 18h, les services pr\u00e9fectoraux \u00e9valuent et communiquent l&rsquo;\u00e9tat du risque d&rsquo;incendie massif par massif pour le lendemain.<\/span><\/p><p style=\"margin: 0cm; font-size: medium; font-family: Calibri, sans-serif; color: #000000;\"><span lang=\"EN-US\" style=\"font-size: 14pt;\">Avant votre visite, vous pouvez t\u00e9l\u00e9charger l&rsquo;application\u00a0<strong><a href=\"https:\/\/www.calanques-parcnational.fr\/fr\/application-mobile-officielle-mes-calanques\">Mes Calanques<\/a><\/strong> ou consulter <a href=\"http:\/\/bpatp.paca-ate.fr\/\"><strong>cette carte<\/strong><\/a> pour des informations en temps r\u00e9el.<\/span><\/p><p style=\"margin: 0cm; font-size: medium; font-family: Calibri, sans-serif; color: #000000;\"><strong><span lang=\"EN-US\" style=\"font-size: 14pt;\">Si la zone que vous souhaitez visiter est verte ou jaune, l&rsquo;acc\u00e8s est autoris\u00e9. Mais en cas de journ\u00e9e rouge, il est interdit de circuler dans le parc national par voie terrestre.<\/span><\/strong><\/p>\t\t\t\t\t\t<\/div>\n\t\t\t\t<\/div>\n\t\t\t\t\t<\/div>\n\t\t<\/div>\n\t\t\t\t\t<\/div>\n\t\t<\/section>\n\t\t\t\t<section class=\"elementor-section elementor-top-section elementor-element elementor-element-2807327 elementor-section-boxed elementor-section-height-default elementor-section-height-default qodef-elementor-content-no\" data-id=\"2807327\" data-element_type=\"section\">\n\t\t\t\t\t\t<div class=\"elementor-container elementor-column-gap-default\">\n\t\t\t\t\t<div class=\"elementor-column elementor-col-100 elementor-top-column elementor-element elementor-element-6ae4dd2\" data-id=\"6ae4dd2\" data-element_type=\"column\">\n\t\t\t<div class=\"elementor-widget-wrap elementor-element-populated\">\n\t\t\t\t\t\t<div class=\"elementor-element elementor-element-8147841 elementor-widget elementor-widget-spacer\" data-id=\"8147841\" data-element_type=\"widget\" data-widget_type=\"spacer.default\">\n\t\t\t\t<div class=\"elementor-widget-container\">\n\t\t\t<style>\/*! elementor - v3.20.0 - 13-03-2024 *\/\n.elementor-column .elementor-spacer-inner{height:var(--spacer-size)}.e-con{--container-widget-width:100%}.e-con-inner>.elementor-widget-spacer,.e-con>.elementor-widget-spacer{width:var(--container-widget-width,var(--spacer-size));--align-self:var(--container-widget-align-self,initial);--flex-shrink:0}.e-con-inner>.elementor-widget-spacer>.elementor-widget-container,.e-con>.elementor-widget-spacer>.elementor-widget-container{height:100%;width:100%}.e-con-inner>.elementor-widget-spacer>.elementor-widget-container>.elementor-spacer,.e-con>.elementor-widget-spacer>.elementor-widget-container>.elementor-spacer{height:100%}.e-con-inner>.elementor-widget-spacer>.elementor-widget-container>.elementor-spacer>.elementor-spacer-inner,.e-con>.elementor-widget-spacer>.elementor-widget-container>.elementor-spacer>.elementor-spacer-inner{height:var(--container-widget-height,var(--spacer-size))}.e-con-inner>.elementor-widget-spacer.elementor-widget-empty,.e-con>.elementor-widget-spacer.elementor-widget-empty{position:relative;min-height:22px;min-width:22px}.e-con-inner>.elementor-widget-spacer.elementor-widget-empty .elementor-widget-empty-icon,.e-con>.elementor-widget-spacer.elementor-widget-empty .elementor-widget-empty-icon{position:absolute;top:0;bottom:0;left:0;right:0;margin:auto;padding:0;width:22px;height:22px}<\/style>\t\t<div class=\"elementor-spacer\">\n\t\t\t<div class=\"elementor-spacer-inner\"><\/div>\n\t\t<\/div>\n\t\t\t\t<\/div>\n\t\t\t\t<\/div>\n\t\t\t\t\t<\/div>\n\t\t<\/div>\n\t\t\t\t\t<\/div>\n\t\t<\/section>\n\t\t\t\t<section class=\"elementor-section elementor-top-section elementor-element elementor-element-4e30892 elementor-section-boxed elementor-section-height-default elementor-section-height-default qodef-elementor-content-no\" data-id=\"4e30892\" data-element_type=\"section\">\n\t\t\t\t\t\t<div class=\"elementor-container elementor-column-gap-default\">\n\t\t\t\t\t<div class=\"elementor-column elementor-col-100 elementor-top-column elementor-element elementor-element-620be02\" data-id=\"620be02\" data-element_type=\"column\">\n\t\t\t<div class=\"elementor-widget-wrap elementor-element-populated\">\n\t\t\t\t\t\t<div class=\"elementor-element elementor-element-40ca8f9 elementor-widget elementor-widget-text-editor\" data-id=\"40ca8f9\" data-element_type=\"widget\" data-widget_type=\"text-editor.default\">\n\t\t\t\t<div class=\"elementor-widget-container\">\n\t\t\t\t\t\t\t<p>Maintenant que vous \u00eates pr\u00eat \u00e0 visiter Morgiou, profitez bien de votre s\u00e9jour et si vous souhaitez d\u00e9couvrir plus d&rsquo;activit\u00e9s autour de l&rsquo;auberge La Girelle, consultez <a href=\"https:\/\/www.small-hostel-la-girelle.com\/fr\/blog-la-girelle-small-hostel\/\"><strong>notre blog<\/strong><\/a> \ud83d\ude09<\/p>\t\t\t\t\t\t<\/div>\n\t\t\t\t<\/div>\n\t\t\t\t\t<\/div>\n\t\t<\/div>\n\t\t\t\t\t<\/div>\n\t\t<\/section>\n\t\t\t\t<\/div>\n\t\t","protected":false},"excerpt":{"rendered":"<p>D\u00e9couvrez la Calanque de Morgiou, un joyau du Parc National des Calanques, accessible depuis l&rsquo;auberge La Girelle \u00e0 Marseille. Conseils pratiques pour une visite inoubliable.<\/p>\n","protected":false},"author":5,"featured_media":774,"comment_status":"closed","ping_status":"closed","sticky":false,"template":"","format":"standard","meta":{"footnotes":""},"categories":[33],"tags":[34,35,36,37],"yoast_head":"<!-- This site is optimized with the Yoast SEO plugin v22.3 - https:\/\/yoast.com\/wordpress\/plugins\/seo\/ -->\n<title>De La Girelle \u00e0 la Calanque de Morgiou - La Girelle - Small Hostel Marseille<\/title>\n<meta name=\"description\" content=\"D\u00e9couvrez la Calanque de Morgiou, un joyau du Parc National des Calanques, accessible depuis l&#039;auberge La Girelle \u00e0 Marseille. Conseils pratiques pour une visite inoubliable.\" \/>\n<meta name=\"robots\" content=\"index, follow, max-snippet:-1, max-image-preview:large, max-video-preview:-1\" \/>\n<link rel=\"canonical\" href=\"https:\/\/www.small-hostel-la-girelle.com\/fr\/2023\/11\/06\/de-la-girelle-a-la-calanque-de-morgiou\/\" \/>\n<meta property=\"og:locale\" content=\"fr_FR\" \/>\n<meta property=\"og:type\" content=\"article\" \/>\n<meta property=\"og:title\" content=\"De La Girelle \u00e0 la Calanque de Morgiou - La Girelle - Small Hostel Marseille\" \/>\n<meta property=\"og:description\" content=\"D\u00e9couvrez la Calanque de Morgiou, un joyau du Parc National des Calanques, accessible depuis l&#039;auberge La Girelle \u00e0 Marseille. Conseils pratiques pour une visite inoubliable.\" \/>\n<meta property=\"og:url\" content=\"https:\/\/www.small-hostel-la-girelle.com\/fr\/2023\/11\/06\/de-la-girelle-a-la-calanque-de-morgiou\/\" \/>\n<meta property=\"og:site_name\" content=\"La Girelle - Small Hostel Marseille\" \/>\n<meta property=\"article:published_time\" content=\"2023-11-06T09:14:39+00:00\" \/>\n<meta property=\"article:modified_time\" content=\"2024-04-16T14:54:29+00:00\" \/>\n<meta property=\"og:image\" content=\"https:\/\/www.small-hostel-la-girelle.com\/files\/2023\/11\/Capture-decran-2023-12-10-a-13.28.34-1024x657.png\" \/>\n\t<meta property=\"og:image:width\" content=\"1024\" \/>\n\t<meta property=\"og:image:height\" content=\"657\" \/>\n\t<meta property=\"og:image:type\" content=\"image\/png\" \/>\n<meta name=\"author\" content=\"La Girelle - Small Hostel\" \/>\n<meta name=\"twitter:card\" content=\"summary_large_image\" \/>\n<meta name=\"twitter:label1\" content=\"\u00c9crit par\" \/>\n\t<meta name=\"twitter:data1\" content=\"La Girelle - Small Hostel\" \/>\n\t<meta name=\"twitter:label2\" content=\"Dur\u00e9e de lecture estim\u00e9e\" \/>\n\t<meta name=\"twitter:data2\" content=\"7 minutes\" \/>\n<script type=\"application\/ld+json\" class=\"yoast-schema-graph\">{\"@context\":\"https:\/\/schema.org\",\"@graph\":[{\"@type\":\"Article\",\"@id\":\"https:\/\/www.small-hostel-la-girelle.com\/fr\/2023\/11\/06\/de-la-girelle-a-la-calanque-de-morgiou\/#article\",\"isPartOf\":{\"@id\":\"https:\/\/www.small-hostel-la-girelle.com\/fr\/2023\/11\/06\/de-la-girelle-a-la-calanque-de-morgiou\/\"},\"author\":{\"name\":\"La Girelle - Small Hostel\",\"@id\":\"https:\/\/www.small-hostel-la-girelle.com\/#\/schema\/person\/df90644f4c2505cd4b778b89f2b319f3\"},\"headline\":\"De La Girelle \u00e0 la Calanque de Morgiou\",\"datePublished\":\"2023-11-06T09:14:39+00:00\",\"dateModified\":\"2024-04-16T14:54:29+00:00\",\"mainEntityOfPage\":{\"@id\":\"https:\/\/www.small-hostel-la-girelle.com\/fr\/2023\/11\/06\/de-la-girelle-a-la-calanque-de-morgiou\/\"},\"wordCount\":680,\"publisher\":{\"@id\":\"https:\/\/www.small-hostel-la-girelle.com\/#organization\"},\"image\":{\"@id\":\"https:\/\/www.small-hostel-la-girelle.com\/fr\/2023\/11\/06\/de-la-girelle-a-la-calanque-de-morgiou\/#primaryimage\"},\"thumbnailUrl\":\"https:\/\/www.small-hostel-la-girelle.com\/files\/2023\/11\/Capture-decran-2023-12-10-a-13.28.34.png\",\"keywords\":[\"activities around La Girelle Small Hostel\",\"calanques\",\"morgiou\",\"Visit Marseille\"],\"articleSection\":[\"Lieux \u00e0 visiter\"],\"inLanguage\":\"fr-FR\"},{\"@type\":\"WebPage\",\"@id\":\"https:\/\/www.small-hostel-la-girelle.com\/fr\/2023\/11\/06\/de-la-girelle-a-la-calanque-de-morgiou\/\",\"url\":\"https:\/\/www.small-hostel-la-girelle.com\/fr\/2023\/11\/06\/de-la-girelle-a-la-calanque-de-morgiou\/\",\"name\":\"De La Girelle \u00e0 la Calanque de Morgiou - La Girelle - Small Hostel Marseille\",\"isPartOf\":{\"@id\":\"https:\/\/www.small-hostel-la-girelle.com\/#website\"},\"primaryImageOfPage\":{\"@id\":\"https:\/\/www.small-hostel-la-girelle.com\/fr\/2023\/11\/06\/de-la-girelle-a-la-calanque-de-morgiou\/#primaryimage\"},\"image\":{\"@id\":\"https:\/\/www.small-hostel-la-girelle.com\/fr\/2023\/11\/06\/de-la-girelle-a-la-calanque-de-morgiou\/#primaryimage\"},\"thumbnailUrl\":\"https:\/\/www.small-hostel-la-girelle.com\/files\/2023\/11\/Capture-decran-2023-12-10-a-13.28.34.png\",\"datePublished\":\"2023-11-06T09:14:39+00:00\",\"dateModified\":\"2024-04-16T14:54:29+00:00\",\"description\":\"D\u00e9couvrez la Calanque de Morgiou, un joyau du Parc National des Calanques, accessible depuis l'auberge La Girelle \u00e0 Marseille. Conseils pratiques pour une visite inoubliable.\",\"breadcrumb\":{\"@id\":\"https:\/\/www.small-hostel-la-girelle.com\/fr\/2023\/11\/06\/de-la-girelle-a-la-calanque-de-morgiou\/#breadcrumb\"},\"inLanguage\":\"fr-FR\",\"potentialAction\":[{\"@type\":\"ReadAction\",\"target\":[\"https:\/\/www.small-hostel-la-girelle.com\/fr\/2023\/11\/06\/de-la-girelle-a-la-calanque-de-morgiou\/\"]}]},{\"@type\":\"ImageObject\",\"inLanguage\":\"fr-FR\",\"@id\":\"https:\/\/www.small-hostel-la-girelle.com\/fr\/2023\/11\/06\/de-la-girelle-a-la-calanque-de-morgiou\/#primaryimage\",\"url\":\"https:\/\/www.small-hostel-la-girelle.com\/files\/2023\/11\/Capture-decran-2023-12-10-a-13.28.34.png\",\"contentUrl\":\"https:\/\/www.small-hostel-la-girelle.com\/files\/2023\/11\/Capture-decran-2023-12-10-a-13.28.34.png\",\"width\":2200,\"height\":1412},{\"@type\":\"BreadcrumbList\",\"@id\":\"https:\/\/www.small-hostel-la-girelle.com\/fr\/2023\/11\/06\/de-la-girelle-a-la-calanque-de-morgiou\/#breadcrumb\",\"itemListElement\":[{\"@type\":\"ListItem\",\"position\":1,\"name\":\"Accueil\",\"item\":\"https:\/\/www.small-hostel-la-girelle.com\/fr\/\"},{\"@type\":\"ListItem\",\"position\":2,\"name\":\"De La Girelle \u00e0 la Calanque de Morgiou\"}]},{\"@type\":\"WebSite\",\"@id\":\"https:\/\/www.small-hostel-la-girelle.com\/#website\",\"url\":\"https:\/\/www.small-hostel-la-girelle.com\/\",\"name\":\"La Girelle - Small Hostel Marseille\",\"description\":\"hostel marseille, cheap &amp; small\",\"publisher\":{\"@id\":\"https:\/\/www.small-hostel-la-girelle.com\/#organization\"},\"alternateName\":\"Hostel Marseille\",\"potentialAction\":[{\"@type\":\"SearchAction\",\"target\":{\"@type\":\"EntryPoint\",\"urlTemplate\":\"https:\/\/www.small-hostel-la-girelle.com\/?s={search_term_string}\"},\"query-input\":\"required name=search_term_string\"}],\"inLanguage\":\"fr-FR\"},{\"@type\":\"Organization\",\"@id\":\"https:\/\/www.small-hostel-la-girelle.com\/#organization\",\"name\":\"La Girelle - Small Hostel Marseille\",\"url\":\"https:\/\/www.small-hostel-la-girelle.com\/\",\"logo\":{\"@type\":\"ImageObject\",\"inLanguage\":\"fr-FR\",\"@id\":\"https:\/\/www.small-hostel-la-girelle.com\/#\/schema\/logo\/image\/\",\"url\":\"https:\/\/www.small-hostel-la-girelle.com\/files\/2016\/09\/cropped-logo-small-hostel-la-girelle.png\",\"contentUrl\":\"https:\/\/www.small-hostel-la-girelle.com\/files\/2016\/09\/cropped-logo-small-hostel-la-girelle.png\",\"width\":448,\"height\":92,\"caption\":\"La Girelle - Small Hostel Marseille\"},\"image\":{\"@id\":\"https:\/\/www.small-hostel-la-girelle.com\/#\/schema\/logo\/image\/\"}},{\"@type\":\"Person\",\"@id\":\"https:\/\/www.small-hostel-la-girelle.com\/#\/schema\/person\/df90644f4c2505cd4b778b89f2b319f3\",\"name\":\"La Girelle - Small Hostel\",\"image\":{\"@type\":\"ImageObject\",\"inLanguage\":\"fr-FR\",\"@id\":\"https:\/\/www.small-hostel-la-girelle.com\/#\/schema\/person\/image\/\",\"url\":\"https:\/\/secure.gravatar.com\/avatar\/267946b4eb9e0d554dabee9a42d4550c?s=96&d=mm&r=g\",\"contentUrl\":\"https:\/\/secure.gravatar.com\/avatar\/267946b4eb9e0d554dabee9a42d4550c?s=96&d=mm&r=g\",\"caption\":\"La Girelle - Small Hostel\"},\"url\":\"https:\/\/www.small-hostel-la-girelle.com\/fr\/author\/lagirelle\/\"}]}<\/script>\n<!-- \/ Yoast SEO plugin. -->","yoast_head_json":{"title":"De La Girelle \u00e0 la Calanque de Morgiou - La Girelle - Small Hostel Marseille","description":"D\u00e9couvrez la Calanque de Morgiou, un joyau du Parc National des Calanques, accessible depuis l'auberge La Girelle \u00e0 Marseille. Conseils pratiques pour une visite inoubliable.","robots":{"index":"index","follow":"follow","max-snippet":"max-snippet:-1","max-image-preview":"max-image-preview:large","max-video-preview":"max-video-preview:-1"},"canonical":"https:\/\/www.small-hostel-la-girelle.com\/fr\/2023\/11\/06\/de-la-girelle-a-la-calanque-de-morgiou\/","og_locale":"fr_FR","og_type":"article","og_title":"De La Girelle \u00e0 la Calanque de Morgiou - La Girelle - Small Hostel Marseille","og_description":"D\u00e9couvrez la Calanque de Morgiou, un joyau du Parc National des Calanques, accessible depuis l'auberge La Girelle \u00e0 Marseille. Conseils pratiques pour une visite inoubliable.","og_url":"https:\/\/www.small-hostel-la-girelle.com\/fr\/2023\/11\/06\/de-la-girelle-a-la-calanque-de-morgiou\/","og_site_name":"La Girelle - Small Hostel Marseille","article_published_time":"2023-11-06T09:14:39+00:00","article_modified_time":"2024-04-16T14:54:29+00:00","og_image":[{"width":1024,"height":657,"url":"https:\/\/www.small-hostel-la-girelle.com\/files\/2023\/11\/Capture-decran-2023-12-10-a-13.28.34-1024x657.png","type":"image\/png"}],"author":"La Girelle - Small Hostel","twitter_card":"summary_large_image","twitter_misc":{"\u00c9crit par":"La Girelle - Small Hostel","Dur\u00e9e de lecture estim\u00e9e":"7 minutes"},"schema":{"@context":"https:\/\/schema.org","@graph":[{"@type":"Article","@id":"https:\/\/www.small-hostel-la-girelle.com\/fr\/2023\/11\/06\/de-la-girelle-a-la-calanque-de-morgiou\/#article","isPartOf":{"@id":"https:\/\/www.small-hostel-la-girelle.com\/fr\/2023\/11\/06\/de-la-girelle-a-la-calanque-de-morgiou\/"},"author":{"name":"La Girelle - Small Hostel","@id":"https:\/\/www.small-hostel-la-girelle.com\/#\/schema\/person\/df90644f4c2505cd4b778b89f2b319f3"},"headline":"De La Girelle \u00e0 la Calanque de Morgiou","datePublished":"2023-11-06T09:14:39+00:00","dateModified":"2024-04-16T14:54:29+00:00","mainEntityOfPage":{"@id":"https:\/\/www.small-hostel-la-girelle.com\/fr\/2023\/11\/06\/de-la-girelle-a-la-calanque-de-morgiou\/"},"wordCount":680,"publisher":{"@id":"https:\/\/www.small-hostel-la-girelle.com\/#organization"},"image":{"@id":"https:\/\/www.small-hostel-la-girelle.com\/fr\/2023\/11\/06\/de-la-girelle-a-la-calanque-de-morgiou\/#primaryimage"},"thumbnailUrl":"https:\/\/www.small-hostel-la-girelle.com\/files\/2023\/11\/Capture-decran-2023-12-10-a-13.28.34.png","keywords":["activities around La Girelle Small Hostel","calanques","morgiou","Visit Marseille"],"articleSection":["Lieux \u00e0 visiter"],"inLanguage":"fr-FR"},{"@type":"WebPage","@id":"https:\/\/www.small-hostel-la-girelle.com\/fr\/2023\/11\/06\/de-la-girelle-a-la-calanque-de-morgiou\/","url":"https:\/\/www.small-hostel-la-girelle.com\/fr\/2023\/11\/06\/de-la-girelle-a-la-calanque-de-morgiou\/","name":"De La Girelle \u00e0 la Calanque de Morgiou - La Girelle - Small Hostel Marseille","isPartOf":{"@id":"https:\/\/www.small-hostel-la-girelle.com\/#website"},"primaryImageOfPage":{"@id":"https:\/\/www.small-hostel-la-girelle.com\/fr\/2023\/11\/06\/de-la-girelle-a-la-calanque-de-morgiou\/#primaryimage"},"image":{"@id":"https:\/\/www.small-hostel-la-girelle.com\/fr\/2023\/11\/06\/de-la-girelle-a-la-calanque-de-morgiou\/#primaryimage"},"thumbnailUrl":"https:\/\/www.small-hostel-la-girelle.com\/files\/2023\/11\/Capture-decran-2023-12-10-a-13.28.34.png","datePublished":"2023-11-06T09:14:39+00:00","dateModified":"2024-04-16T14:54:29+00:00","description":"D\u00e9couvrez la Calanque de Morgiou, un joyau du Parc National des Calanques, accessible depuis l'auberge La Girelle \u00e0 Marseille. Conseils pratiques pour une visite inoubliable.","breadcrumb":{"@id":"https:\/\/www.small-hostel-la-girelle.com\/fr\/2023\/11\/06\/de-la-girelle-a-la-calanque-de-morgiou\/#breadcrumb"},"inLanguage":"fr-FR","potentialAction":[{"@type":"ReadAction","target":["https:\/\/www.small-hostel-la-girelle.com\/fr\/2023\/11\/06\/de-la-girelle-a-la-calanque-de-morgiou\/"]}]},{"@type":"ImageObject","inLanguage":"fr-FR","@id":"https:\/\/www.small-hostel-la-girelle.com\/fr\/2023\/11\/06\/de-la-girelle-a-la-calanque-de-morgiou\/#primaryimage","url":"https:\/\/www.small-hostel-la-girelle.com\/files\/2023\/11\/Capture-decran-2023-12-10-a-13.28.34.png","contentUrl":"https:\/\/www.small-hostel-la-girelle.com\/files\/2023\/11\/Capture-decran-2023-12-10-a-13.28.34.png","width":2200,"height":1412},{"@type":"BreadcrumbList","@id":"https:\/\/www.small-hostel-la-girelle.com\/fr\/2023\/11\/06\/de-la-girelle-a-la-calanque-de-morgiou\/#breadcrumb","itemListElement":[{"@type":"ListItem","position":1,"name":"Accueil","item":"https:\/\/www.small-hostel-la-girelle.com\/fr\/"},{"@type":"ListItem","position":2,"name":"De La Girelle \u00e0 la Calanque de Morgiou"}]},{"@type":"WebSite","@id":"https:\/\/www.small-hostel-la-girelle.com\/#website","url":"https:\/\/www.small-hostel-la-girelle.com\/","name":"La Girelle - Small Hostel Marseille","description":"hostel marseille, cheap &amp; small","publisher":{"@id":"https:\/\/www.small-hostel-la-girelle.com\/#organization"},"alternateName":"Hostel Marseille","potentialAction":[{"@type":"SearchAction","target":{"@type":"EntryPoint","urlTemplate":"https:\/\/www.small-hostel-la-girelle.com\/?s={search_term_string}"},"query-input":"required name=search_term_string"}],"inLanguage":"fr-FR"},{"@type":"Organization","@id":"https:\/\/www.small-hostel-la-girelle.com\/#organization","name":"La Girelle - Small Hostel Marseille","url":"https:\/\/www.small-hostel-la-girelle.com\/","logo":{"@type":"ImageObject","inLanguage":"fr-FR","@id":"https:\/\/www.small-hostel-la-girelle.com\/#\/schema\/logo\/image\/","url":"https:\/\/www.small-hostel-la-girelle.com\/files\/2016\/09\/cropped-logo-small-hostel-la-girelle.png","contentUrl":"https:\/\/www.small-hostel-la-girelle.com\/files\/2016\/09\/cropped-logo-small-hostel-la-girelle.png","width":448,"height":92,"caption":"La Girelle - Small Hostel Marseille"},"image":{"@id":"https:\/\/www.small-hostel-la-girelle.com\/#\/schema\/logo\/image\/"}},{"@type":"Person","@id":"https:\/\/www.small-hostel-la-girelle.com\/#\/schema\/person\/df90644f4c2505cd4b778b89f2b319f3","name":"La Girelle - Small Hostel","image":{"@type":"ImageObject","inLanguage":"fr-FR","@id":"https:\/\/www.small-hostel-la-girelle.com\/#\/schema\/person\/image\/","url":"https:\/\/secure.gravatar.com\/avatar\/267946b4eb9e0d554dabee9a42d4550c?s=96&d=mm&r=g","contentUrl":"https:\/\/secure.gravatar.com\/avatar\/267946b4eb9e0d554dabee9a42d4550c?s=96&d=mm&r=g","caption":"La Girelle - Small Hostel"},"url":"https:\/\/www.small-hostel-la-girelle.com\/fr\/author\/lagirelle\/"}]}},"_links":{"self":[{"href":"https:\/\/www.small-hostel-la-girelle.com\/fr\/wp-json\/wp\/v2\/posts\/934"}],"collection":[{"href":"https:\/\/www.small-hostel-la-girelle.com\/fr\/wp-json\/wp\/v2\/posts"}],"about":[{"href":"https:\/\/www.small-hostel-la-girelle.com\/fr\/wp-json\/wp\/v2\/types\/post"}],"author":[{"embeddable":true,"href":"https:\/\/www.small-hostel-la-girelle.com\/fr\/wp-json\/wp\/v2\/users\/5"}],"replies":[{"embeddable":true,"href":"https:\/\/www.small-hostel-la-girelle.com\/fr\/wp-json\/wp\/v2\/comments?post=934"}],"version-history":[{"count":15,"href":"https:\/\/www.small-hostel-la-girelle.com\/fr\/wp-json\/wp\/v2\/posts\/934\/revisions"}],"predecessor-version":[{"id":951,"href":"https:\/\/www.small-hostel-la-girelle.com\/fr\/wp-json\/wp\/v2\/posts\/934\/revisions\/951"}],"wp:featuredmedia":[{"embeddable":true,"href":"https:\/\/www.small-hostel-la-girelle.com\/fr\/wp-json\/wp\/v2\/media\/774"}],"wp:attachment":[{"href":"https:\/\/www.small-hostel-la-girelle.com\/fr\/wp-json\/wp\/v2\/media?parent=934"}],"wp:term":[{"taxonomy":"category","embeddable":true,"href":"https:\/\/www.small-hostel-la-girelle.com\/fr\/wp-json\/wp\/v2\/categories?post=934"},{"taxonomy":"post_tag","embeddable":true,"href":"https:\/\/www.small-hostel-la-girelle.com\/fr\/wp-json\/wp\/v2\/tags?post=934"}],"curies":[{"name":"wp","href":"https:\/\/api.w.org\/{rel}","templated":true}]}}